[{"@context":"https:\/\/schema.org\/","@type":"Article","@id":"https:\/\/www.cekr.cz\/co-obnasi-stehovani-na-klic\/#Article","mainEntityOfPage":"https:\/\/www.cekr.cz\/co-obnasi-stehovani-na-klic\/","headline":"Co obn\u00e1\u0161\u00ed st\u011bhov\u00e1n\u00ed na kl\u00ed\u010d","name":"Co obn\u00e1\u0161\u00ed st\u011bhov\u00e1n\u00ed na kl\u00ed\u010d","description":"Kdy\u017e se \u0159ekne st\u011bhov\u00e1n\u00ed v Praze na kl\u00ed\u010d, co v\u00e1s napadne? Mo\u017en\u00e1, \u017ee velk\u00e1 akce zaji\u0161t\u011bn\u00e1 komplet se v\u0161\u00edm v\u0161udy, tak\u017ee nemus\u00edte d\u011blat v\u016fbec nic a v\u0161e za v\u00e1s obstaraj\u00ed st\u011bhov\u00e1ci. V z\u00e1sad\u011b m\u00e1te pravdu, poj\u010fme si rozebrat, \u010deho se to vlastn\u011b t\u00fdk\u00e1? Rozebr\u00e1n\u00ed n\u00e1bytku \u2013 je-li zapot\u0159eb\u00ed rozebrat n\u00e1bytek, st\u011bhovac\u00ed firma si s t\u00edm [&hellip;]","datePublished":"2025-03-24","dateModified":"2025-03-24","author":{"@type":"Person","@id":"https:\/\/www.cekr.cz\/author\/#Person","name":"","url":"https:\/\/www.cekr.cz\/author\/","identifier":1,"image":{"@type":"ImageObject","@id":"https:\/\/secure.gravatar.com\/avatar\/e32c915fa5b274a4469e3ef5c1f9837e76577a60613858c5c8a74a3de98e33bc?s=96&d=mm&r=g","url":"https:\/\/secure.gravatar.com\/avatar\/e32c915fa5b274a4469e3ef5c1f9837e76577a60613858c5c8a74a3de98e33bc?s=96&d=mm&r=g","height":96,"width":96}},"publisher":{"@type":"Organization","name":"cekr.cz","logo":{"@type":"ImageObject","@id":"\/logo.png","url":"\/logo.png","width":600,"height":60}},"image":{"@type":"ImageObject","@id":"https:\/\/www.cekr.cz\/wp-content\/uploads\/apartment-1835482_640_9.jpg","url":"https:\/\/www.cekr.cz\/wp-content\/uploads\/apartment-1835482_640_9.jpg","height":0,"width":0},"url":"https:\/\/www.cekr.cz\/co-obnasi-stehovani-na-klic\/","about":["Zbo\u017e\u00ed"],"wordCount":440,"articleBody":"      Kdy\u017e se \u0159ekne st\u011bhov\u00e1n\u00ed v Praze na kl\u00ed\u010d, co v\u00e1s napadne? Mo\u017en\u00e1, \u017ee velk\u00e1 akce zaji\u0161t\u011bn\u00e1 komplet se v\u0161\u00edm v\u0161udy, tak\u017ee nemus\u00edte d\u011blat v\u016fbec nic a v\u0161e za v\u00e1s obstaraj\u00ed st\u011bhov\u00e1ci. V z\u00e1sad\u011b m\u00e1te pravdu, poj\u010fme si rozebrat, \u010deho se to vlastn\u011b t\u00fdk\u00e1?Rozebr\u00e1n\u00ed n\u00e1bytku \u2013 je-li zapot\u0159eb\u00ed rozebrat n\u00e1bytek, st\u011bhovac\u00ed firma si s t\u00edm porad\u00ed, i kdyby m\u011blo j\u00edt o n\u00e1ro\u010dn\u011bj\u0161\u00ed n\u00e1bytkov\u00e9 sestavy, jako jsou kuchy\u0148sk\u00e9 linky nebo vestav\u011bn\u00e9 sk\u0159\u00edn\u011b na m\u00edru. St\u011bhov\u00e1ci na to maj\u00ed pro\u0161kolen\u00fd t\u00fdm a t\u00edmto zp\u016fsobem lze p\u0159est\u011bhovat jak\u00fdkoli n\u00e1bytek, kter\u00fd se d\u00e1 rozebrat na d\u00edl\u010d\u00ed \u010d\u00e1sti.Zabalen\u00ed v\u011bc\u00ed \u2013 vy si m\u016f\u017eete sbalit pouze cestovn\u00ed zavazadlo s hygienick\u00fdmi pot\u0159ebami a n\u011bkter\u00fdm oble\u010den\u00edm, doklady, d\u016fle\u017eit\u00fdmi dokumenty a pen\u011bzi a to ostatn\u00ed p\u0159enech\u00e1te st\u011bhovac\u00ed firm\u011b. St\u011bhov\u00e1ci zajist\u00ed balic\u00ed i v\u00fdpl\u0148ov\u00fd materi\u00e1l, kter\u00fd nemus\u00edte nikde sh\u00e1n\u011bt a nakupovat.P\u0159est\u011bhov\u00e1n\u00ed b\u0159emen \u2013 st\u011bhov\u00e1ci st\u011bhuj\u00ed ve\u0161ker\u00e1 b\u0159emena v\u010detn\u011b t\u011bch velmi t\u011b\u017ek\u00fdch, to znamen\u00e1, \u017ee je m\u016f\u017eete pov\u011b\u0159it i st\u011bhov\u00e1n\u00edm klav\u00edru, velk\u00e9 palmy v kv\u011btin\u00e1\u010di, sk\u0159\u00ed\u0148ov\u00e9ho trezoru nebo velk\u00e9ho koberce. Porad\u00ed si i s k\u0159ehk\u00fdmi p\u0159edm\u011bty, jako jsou k\u0159i\u0161\u0165\u00e1lov\u00e9 lustry a dal\u0161\u00ed sklen\u011bn\u00e1 sv\u00edtidla. Term\u00edn st\u011bhov\u00e1n\u00ed je z\u00e1vazn\u00fd \u2013 jestli\u017ee nedojde k n\u011bjak\u00e9 p\u0159\u00edrodn\u00ed katastrof\u011b, jako jsou povodn\u011b nebo rozs\u00e1hl\u00e9 po\u017e\u00e1ry, torn\u00e1da a vich\u0159ice nebo extr\u00e9mn\u00ed bou\u0159ky, pro st\u011bhovac\u00ed firmu je term\u00edn st\u011bhov\u00e1n\u00ed z\u00e1vazn\u00fd a m\u016f\u017eete se na n\u011bj spolehnout. Ve st\u011bhovac\u00ed den nemus\u00edte b\u00fdt na m\u00edst\u011b v\u016fbec p\u0159\u00edtomni, pouze p\u0159ed\u00e1te kl\u00ed\u010de od obou objekt\u016f. Pokud je ov\u0161em v m\u00edst\u011b placen\u00e9 parkov\u00e1n\u00ed, bude t\u0159eba v\u010das zajistit parkovac\u00ed m\u00edsto pro st\u011bhovac\u00ed den. Na zaji\u0161t\u011bn\u00ed parkov\u00e1n\u00ed nezapom\u00ednejte, jinak by v\u00e1m to mohlo celou akci zna\u010dn\u011b zkomplikovat.St\u011bhov\u00e1n\u00ed na dlouhou vzd\u00e1lenost \u2013 st\u011bhovac\u00ed firmy jsou vybaven\u00e9 pro st\u011bhov\u00e1n\u00ed na velmi dlouh\u00e9 vzd\u00e1lenosti, n\u011bkter\u00e9 v\u00e1s p\u0159est\u011bhuj\u00ed i do zahrani\u010d\u00ed, nemus\u00edte si proto d\u011blat starosti s ohledem na ujet\u00e9 kilometry.                                                                                                                                                                                                                                                                                                                                                                                          3.2\/5 - (4 votes)        "},{"@context":"https:\/\/schema.org\/","@type":"BreadcrumbList","itemListElement":[{"@type":"ListItem","position":1,"name":"Co obn\u00e1\u0161\u00ed st\u011bhov\u00e1n\u00ed na kl\u00ed\u010d","item":"https:\/\/www.cekr.cz\/co-obnasi-stehovani-na-klic\/#breadcrumbitem"}]}]