[{"@context":"https:\/\/schema.org\/","@type":"Article","@id":"https:\/\/www.cekr.cz\/vzhled-odrazem-duse\/#Article","mainEntityOfPage":"https:\/\/www.cekr.cz\/vzhled-odrazem-duse\/","headline":"Vzhled odrazem du\u0161e","name":"Vzhled odrazem du\u0161e","description":"Ka\u017ed\u00fd se postupem \u010dasu rozhodneme pro n\u011bjak\u00fd styl a \u017eivotn\u00ed filozofii. Ze za\u010d\u00e1tku p\u0159ej\u00edm\u00e1me styly na\u0161ich rodi\u010d\u016f a sourozenc\u016f, kte\u0159\u00ed n\u00e1m sv\u00e9 vlastn\u00ed chov\u00e1n\u00ed a gesta nenucen\u011b podstr\u010d\u00ed. Postupem \u010dasu v\u0161ak zji\u0161\u0165ujeme, \u017ee na\u0161i rodi\u010de nejsou a\u017e tak \u00fapln\u011b skv\u011bl\u00ed a tak\u00e9 vlivem doby a aktu\u00e1ln\u00edch m\u00f3dn\u00edch a jin\u00fdch trend\u016f se sami automaticky vyv\u00edj\u00edme. N\u00e1sledn\u011b [&hellip;]","datePublished":"2018-08-27","dateModified":"2023-05-03","author":{"@type":"Person","@id":"https:\/\/www.cekr.cz\/author\/#Person","name":"","url":"https:\/\/www.cekr.cz\/author\/","identifier":1,"image":{"@type":"ImageObject","@id":"https:\/\/secure.gravatar.com\/avatar\/e32c915fa5b274a4469e3ef5c1f9837e76577a60613858c5c8a74a3de98e33bc?s=96&d=mm&r=g","url":"https:\/\/secure.gravatar.com\/avatar\/e32c915fa5b274a4469e3ef5c1f9837e76577a60613858c5c8a74a3de98e33bc?s=96&d=mm&r=g","height":96,"width":96}},"publisher":{"@type":"Organization","name":"cekr.cz","logo":{"@type":"ImageObject","@id":"\/logo.png","url":"\/logo.png","width":600,"height":60}},"image":{"@type":"ImageObject","@id":"https:\/\/www.cekr.cz\/wp-content\/uploads\/img_a328331_w2368_t1540652053.jpg","url":"https:\/\/www.cekr.cz\/wp-content\/uploads\/img_a328331_w2368_t1540652053.jpg","height":0,"width":0},"url":"https:\/\/www.cekr.cz\/vzhled-odrazem-duse\/","wordCount":429,"articleBody":"Ka\u017ed\u00fd se postupem \u010dasu rozhodneme pro n\u011bjak\u00fd styl a \u017eivotn\u00ed filozofii. Ze za\u010d\u00e1tku p\u0159ej\u00edm\u00e1me styly na\u0161ich rodi\u010d\u016f a sourozenc\u016f, kte\u0159\u00ed n\u00e1m sv\u00e9 vlastn\u00ed chov\u00e1n\u00ed a gesta nenucen\u011b podstr\u010d\u00ed. Postupem \u010dasu v\u0161ak zji\u0161\u0165ujeme, \u017ee na\u0161i rodi\u010de nejsou a\u017e tak \u00fapln\u011b skv\u011bl\u00ed a tak\u00e9 vlivem doby a aktu\u00e1ln\u00edch m\u00f3dn\u00edch a jin\u00fdch trend\u016f se sami automaticky vyv\u00edj\u00edme. N\u00e1sledn\u011b se tak n\u00e1\u0161 \u017eivotn\u00ed styl prom\u00edt\u00e1 t\u00e9m\u011b\u0159 v\u0161ude. Samoz\u0159ejm\u011b v\u0161e za\u010d\u00edn\u00e1 zevn\u011bj\u0161kem, kdy n\u011bco, co se n\u00e1m l\u00edb\u00ed p\u0159evezmeme za sv\u00e9 a za\u010dneme se tak obl\u00e9kat taky. To m\u016f\u017ee b\u00fdt samoz\u0159ejm\u011b p\u0159\u00edhodn\u00e9 n\u011bkoho napodobit a z\u00edskat tak obdiv sv\u00fdch vrstevn\u00edk\u016f, ale tak\u00e9 d\u016fle\u017eit\u00e9 do sv\u00e9ho stylu obl\u00e9k\u00e1n\u00ed vlo\u017eit svou vlastn\u00ed osobitost. To m\u016f\u017ee b\u00fdt n\u011bkdy pon\u011bkud t\u011b\u017ek\u00e9, obzvl\u00e1\u0161\u0165 pak v na\u0161\u00ed dob\u011b, kdy n\u00e1m jednak m\u00e9dia, ale tak\u00e9 ambasado\u0159i neust\u00e1le nut\u00ed abychom se chovali pr\u00e1v\u011b jako na\u0161e vzory. To je ale velice \u0161patn\u011b. Nejsme v\u0161ichni stejn\u00ed a nem\u00e1me stejn\u00e9 tu\u017eby a pot\u0159eby, proto je n\u011bkdy pro n\u00e1s snaz\u0161\u00ed s\u017e\u00edt se p\u0159edstavou, \u017ee jsme n\u011bkdo jin\u00fd ne\u017e p\u0159ijmout svou vlastn\u00ed identitu. Styl v\u0161ak nen\u00ed jen o obl\u00e9k\u00e1n\u00ed, ale jeho podstat vych\u00e1z\u00ed z na\u0161\u00ed du\u0161e na z\u00e1klad\u011b toho, jakou filozofii up\u0159ednost\u0148ujeme. M\u016f\u017eeme b\u00fdt zam\u011b\u0159en\u00ed ekologicky a sna\u017e\u00edme se tedy zachr\u00e1nit co nejd\u0159\u00edve zv\u00ed\u0159at, m\u016f\u017eeme \u017e\u00edt v souladu s p\u0159\u00edrodou. Nebo naopak odm\u00edtat v\u0161echno lidsk\u00e9ho a zam\u011b\u0159it se pouze na dokonalost a perfektn\u00ed vzhled. Osoby, kter\u00e9 v\u0161ak \u017eij\u00ed v souladu s p\u0159\u00edrodou vedou mnohem snaz\u0161\u00ed a bohat\u0161\u00ed \u017eivot. Nemus\u00ed se sna\u017eit st\u00e1le klamat \u010das a st\u00e1rnut\u00ed nav\u00edc se jedn\u00e1 o jev, kter\u00fd skute\u010dn\u011b nem\u016f\u017eeme ovlivnit. Pokud budeme neust\u00e1le bojovat o n\u00e1\u0161 vzhled a blokovat to \u010demu se sna\u017e\u00edme zabr\u00e1nit pro\u017eijeme pouze ustaran\u00fd \u017eivot. Krom\u011b j\u00eddla a psychiky m\u016f\u017eeme do sv\u00e9ho stylu zakomponovat tak\u00e9 n\u011bjak\u00fd ten sport. M\u016f\u017eeme jich vyzkou\u0161et celou \u0159adu. Od silov\u00fdch p\u0159es vytrvalostn\u00ed a\u017e k aerobn\u00edm. Prvn\u00ed dv\u011b skupiny lze prov\u00e1d\u011bt na profesion\u00e1ln\u00ed \u00farovni, zat\u00edmco aerobn\u00ed jogging je sp\u00ed\u0161e dom\u00e9nou rekrea\u010dn\u00edch sportovc\u016f.                                                                                                                                                                                                                                                                                                                                                                                        4.6\/5 - (10 votes)        "},{"@context":"https:\/\/schema.org\/","@type":"BreadcrumbList","itemListElement":[{"@type":"ListItem","position":1,"name":"Vzhled odrazem du\u0161e","item":"https:\/\/www.cekr.cz\/vzhled-odrazem-duse\/#breadcrumbitem"}]}]