[{"@context":"https:\/\/schema.org\/","@type":"Article","@id":"https:\/\/www.cekr.cz\/zmena-smysleni\/#Article","mainEntityOfPage":"https:\/\/www.cekr.cz\/zmena-smysleni\/","headline":"Zm\u011bna sm\u00fd\u0161len\u00ed","name":"Zm\u011bna sm\u00fd\u0161len\u00ed","description":"Bohu\u017eel jsou \u017eivotn\u00ed situace, kter\u00e9 jsou v podstat\u011b takovou \u017eivotn\u00ed lekc\u00ed. \u010castokr\u00e1t si toti\u017e nedovedeme sami p\u0159edstavit, \u017ee v\u011bci, kter\u00e9 my d\u011bl\u00e1me automaticky, tak pro n\u011bkoho jsou v podstat\u011b neuskute\u010dniteln\u00e9. Nap\u0159\u00edklad t\u011b\u017ek\u00fd \u00faraz, kter\u00fd dok\u00e1\u017ee vy\u0159adit \u010dlov\u011bka z b\u011b\u017en\u00e9ho \u017eivotn\u00edho b\u011bhu, tak odhal\u00ed tyto probl\u00e9my i v mali\u010dkostech. Ti, kdo takov\u00e9mu \u010dlov\u011bku z\u016fst\u00e1vaj\u00ed nejbl\u00ed\u017ee, tak [&hellip;]","datePublished":"2020-07-12","dateModified":"2023-05-03","author":{"@type":"Person","@id":"https:\/\/www.cekr.cz\/author\/#Person","name":"","url":"https:\/\/www.cekr.cz\/author\/","identifier":1,"image":{"@type":"ImageObject","@id":"https:\/\/secure.gravatar.com\/avatar\/e32c915fa5b274a4469e3ef5c1f9837e76577a60613858c5c8a74a3de98e33bc?s=96&d=mm&r=g","url":"https:\/\/secure.gravatar.com\/avatar\/e32c915fa5b274a4469e3ef5c1f9837e76577a60613858c5c8a74a3de98e33bc?s=96&d=mm&r=g","height":96,"width":96}},"publisher":{"@type":"Organization","name":"cekr.cz","logo":{"@type":"ImageObject","@id":"\/logo.png","url":"\/logo.png","width":600,"height":60}},"image":{"@type":"ImageObject","@id":"https:\/\/www.cekr.cz\/wp-content\/uploads\/voz%C3%AD%C4%8Dek.jpg","url":"https:\/\/www.cekr.cz\/wp-content\/uploads\/voz%C3%AD%C4%8Dek.jpg","height":0,"width":0},"url":"https:\/\/www.cekr.cz\/zmena-smysleni\/","about":["Zbo\u017e\u00ed"],"wordCount":424,"articleBody":"      Bohu\u017eel jsou \u017eivotn\u00ed situace, kter\u00e9 jsou v podstat\u011b takovou \u017eivotn\u00ed lekc\u00ed. \u010castokr\u00e1t si toti\u017e nedovedeme sami p\u0159edstavit, \u017ee v\u011bci, kter\u00e9 my d\u011bl\u00e1me automaticky, tak pro n\u011bkoho jsou v podstat\u011b neuskute\u010dniteln\u00e9. Nap\u0159\u00edklad t\u011b\u017ek\u00fd \u00faraz, kter\u00fd dok\u00e1\u017ee vy\u0159adit \u010dlov\u011bka z b\u011b\u017en\u00e9ho \u017eivotn\u00edho b\u011bhu, tak odhal\u00ed tyto probl\u00e9my i v mali\u010dkostech. Ti, kdo takov\u00e9mu \u010dlov\u011bku z\u016fst\u00e1vaj\u00ed nejbl\u00ed\u017ee, tak si teprve uv\u011bdom\u00ed, \u017ee je ka\u017ed\u00fd den za co d\u011bkovat. Zdrav\u00fd jedinec si toti\u017e s\u00e1m o sob\u011b neuv\u011bdom\u00ed, \u017ee je mnohdy probl\u00e9m si vz\u00edt i j\u00eddlo z lednice, kdy\u017e v podstat\u011b sta\u010d\u00ed otev\u0159\u00edt jen dv\u00ed\u0159ka. A nemluv\u011b o tom, kdy\u017e p\u0159estanou slou\u017eit pohybov\u00e9 apar\u00e1ty a nemocn\u00fd \u010dlov\u011bk mus\u00ed b\u00fdt odk\u00e1zan\u00fd na pomoc druh\u00fdch.S invalidn\u00edm voz\u00edkem to p\u016fjdePokud se n\u011bkomu stal \u00faraz a byl v podstat\u011b tak v\u00e1\u017en\u00fd, \u017ee zp\u016fsobil to, \u017ee jedinec se nem\u016f\u017ee pohybovat jinak, ne\u017e za pomoci invalidn\u00edho voz\u00edku, tak to rozhodn\u011b neznamen\u00e1, \u017ee je to konec v\u0161ech aktivit. Naopak je t\u0159eba hodn\u011b pos\u00edlit psychickou str\u00e1nku a pustit se do boje. I kdy\u017e z\u0159ejm\u011b bude v\u0161echno tak trochu jinak, tak \u017eivot nekon\u010d\u00ed a d\u00e1 se skute\u010dn\u011b i v tomto p\u0159\u00edpad\u011b velmi kr\u00e1sn\u011b pro\u017e\u00edt. V dne\u0161n\u00ed dob\u011b existuje nejen mnoho mo\u017enost\u00ed, jak se zapojit do b\u011b\u017en\u00e9ho \u017eivota, ale i znovu objevit sportovn\u00ed \u010di jin\u00e9 aktivity. Na takov\u00e9 akce, tr\u00e9ninky nebo i jin\u00e9 \u00fa\u010dely jen nutn\u00e9 se n\u011bjak\u00fdm zp\u016fsobem dopravovat. To byla v\u00fdzva pro v\u00fdrobce invalidn\u00edch pom\u016fcek a tak dodali na trh skute\u010dn\u011b velk\u00e9 mno\u017estv\u00ed invalidn\u00edch pom\u016fcek, v\u010detn\u011b chod\u00edtek a voz\u00ed\u010dk\u016f.Na cesty je vhodn\u00fd skl\u00e1dac\u00ed voz\u00edkMateri\u00e1l, kter\u00fd se pou\u017e\u00edv\u00e1 na v\u00fdrobu voz\u00edk\u016f je vysoce kvalitn\u00ed a nav\u00edc i odleh\u010den\u00fd. Snadno se daj\u00ed sundat n\u011bkter\u00e9 \u010d\u00e1sti a manipulace, kterou invalidn\u00ed voz\u00edk skl\u00e1dac\u00ed poskytuje, je skute\u010dn\u011b velmi snadn\u00e1 pro ka\u017ed\u00e9ho a to i jeho vlastn\u00edka. Nav\u00edc se d\u00e1 slo\u017eit do takov\u00e9 podoby, \u017ee nezabere tolik m\u00edsta a tak se d\u00e1 i s takto posti\u017een\u00fdm \u010dlov\u011bkem cestovat. Co\u017e op\u011bt velmi zp\u0159\u00edjemn\u00ed \u017eivotn\u00ed cesty, kdy\u017e u\u017e je zk\u0159\u00ed\u017eila n\u011bjak\u00e1 nep\u0159\u00edjemn\u00e1 ud\u00e1lost.                                                                                                                                                                                                                                                                                                                                                                                           4.4\/5 - (12 votes)        "},{"@context":"https:\/\/schema.org\/","@type":"BreadcrumbList","itemListElement":[{"@type":"ListItem","position":1,"name":"Zm\u011bna sm\u00fd\u0161len\u00ed","item":"https:\/\/www.cekr.cz\/zmena-smysleni\/#breadcrumbitem"}]}]